{"id":42324,"date":"2026-05-21T01:12:44","date_gmt":"2026-05-21T05:12:44","guid":{"rendered":"https:\/\/fundacionclec.org\/?p=42324"},"modified":"2026-08-19T11:30:41","modified_gmt":"2026-08-19T15:30:41","slug":"formacaoprofessores2026","status":"publish","type":"post","link":"https:\/\/fundacionclec.org\/pt-br\/formacaoprofessores2026\/","title":{"rendered":"Convoca\u00e7\u00e3o: Forma\u00e7\u00e3o Regional de Professores de Chin\u00eas para a Am\u00e9rica Latina e as Cara\u00edbas 2026"},"content":{"rendered":"\n<p class=\"wp-block-paragraph\">Sess\u00e3o em Santiago, Chile: 4 e 5 de setembro<br>Pa\u00edses convocados: Argentina, Bol\u00edvia, Brasil, Chile, Peru e Uruguai<\/p>\n\n\n\n<p class=\"wp-block-paragraph\">Sess\u00e3o em San Jos\u00e9, Costa Rica: 15 e 16 de outubro<br>Pa\u00edses convidados: Ant\u00edgua e Barbuda, Barbados, Col\u00f4mbia, Costa Rica, Cuba, Equador, El Salvador, Granada, Guiana, Honduras, Jamaica, M\u00e9xico, Nicar\u00e1gua, Panam\u00e1, Rep\u00fablica Dominicana, Suriname, Trinidad e Tobago e Venezuela<\/p>\n\n\n\n<figure class=\"wp-block-image size-full\"><img loading=\"lazy\" decoding=\"async\" width=\"739\" height=\"739\" src=\"https:\/\/fundacionclec.org\/wp-content\/uploads\/2026\/05\/save-the-date-cover-img.jpg\" alt=\"\" class=\"wp-image-42485\" srcset=\"https:\/\/fundacionclec.org\/wp-content\/uploads\/2026\/05\/save-the-date-cover-img.jpg 739w, https:\/\/fundacionclec.org\/wp-content\/uploads\/2026\/05\/save-the-date-cover-img-300x300.jpg 300w, https:\/\/fundacionclec.org\/wp-content\/uploads\/2026\/05\/save-the-date-cover-img-150x150.jpg 150w, https:\/\/fundacionclec.org\/wp-content\/uploads\/2026\/05\/save-the-date-cover-img-660x660.jpg 660w\" sizes=\"auto, (max-width: 739px) 100vw, 739px\" \/><\/figure>\n\n\n\n<p class=\"wp-block-paragraph\">Programa de Capacita\u00e7\u00e3o Regional de Professores de Chin\u00eas para<\/p>\n\n\n\n<p class=\"wp-block-paragraph\">Am\u00e9rica Latina e Caribe 2026<\/p>\n\n\n\n<p class=\"wp-block-paragraph\"><em>4 e 5 de setembro, Santiago do Chile<\/em><\/p>\n\n\n\n<p class=\"wp-block-paragraph\">Inscri\u00e7\u00e3o gratuita e obrigat\u00f3ria (on-line e presencial)<\/p>\n\n\n\n<figure class=\"wp-block-embed\"><div class=\"wp-block-embed__wrapper\">\nhttps:\/\/us06web.zoom.us\/webinar\/register\/WN_bzZrbUs6Ry6jfLQEWLmSow\n<\/div><\/figure>\n\n\n\n<p class=\"wp-block-paragraph\"><strong>Informa\u00e7\u00e3o<\/strong>: <a href=\"https:\/\/fundacionclec.org\/pt-br\/formacaoprofessores2026\/\">https:\/\/fundacionclec.org\/pt-br\/formacaoprofessores2026\/<\/a><\/p>\n\n\n\n<h1 class=\"wp-block-heading\"><strong>Sexta-feira 04\/09<\/strong><\/h1>\n\n\n\n<p class=\"wp-block-paragraph\"><strong>09:00 \u2013 10:00&nbsp; <\/strong>Abertura<\/p>\n\n\n\n<p class=\"wp-block-paragraph\">Roberto Lafontaine. Diretor da Funda\u00e7\u00e3o CLEC, Escrit\u00f3rio Regional para a Am\u00e9rica Latina e o Caribe.<\/p>\n\n\n\n<p class=\"wp-block-paragraph\">Ruan Huiqiao. Subdiretora da Funda\u00e7\u00e3o CLEC, Escrit\u00f3rio Regional para a Am\u00e9rica Latina e o Caribe.<\/p>\n\n\n\n<p class=\"wp-block-paragraph\">Claudia Peirano Rodr\u00edguez. Reitora Nacional da Universidad Santo Tom\u00e1s Chile.<\/p>\n\n\n\n<p class=\"wp-block-paragraph\">Niu Qingbao. Embaixador da Rep\u00fablica Popular da China no Chile<\/p>\n\n\n\n<p class=\"wp-block-paragraph\">Eduardo Frei Ruiz Tagle. Ex-Presidente do Chile.<\/p>\n\n\n\n<p class=\"wp-block-paragraph\"><strong>10:30 \u2013 12:00&nbsp; Zhang Tianchi<\/strong> (on-line) Estrat\u00e9gias de ensino digitalizado do chin\u00eas e inova\u00e7\u00e3o na pr\u00e1tica em sala de aula<\/p>\n\n\n\n<p class=\"wp-block-paragraph\"><strong>12:00 \u2013 12:15&nbsp; <\/strong>Apresenta\u00e7\u00e3o dos professores participantes<\/p>\n\n\n\n<p class=\"wp-block-paragraph\"><strong>12:15 \u2013 13:30&nbsp; <\/strong>Especialista em pedagogia da UST (a confirmar). Inova\u00e7\u00e3o em sala de aula.<\/p>\n\n\n\n<p class=\"wp-block-paragraph\"><strong>14:30 \u2013 15:30&nbsp; Andr\u00e9s Ib\u00e1\u00f1ez<\/strong> Neuroaprendizagem e planejamento estrat\u00e9gico no ensino inicial de idiomas voltado a estudantes latino-americanos<\/p>\n\n\n\n<p class=\"wp-block-paragraph\"><strong>15:45 \u2013 16:45&nbsp; Freddy Fredes <\/strong>Complementos do chin\u00eas e compet\u00eancias docentes: um caminho de forma\u00e7\u00e3o cont\u00ednua para o professor de l\u00edngua espanhola<\/p>\n\n\n\n<h1 class=\"wp-block-heading\"><strong>S\u00e1bado 05\/09<\/strong><\/h1>\n\n\n\n<p class=\"wp-block-paragraph\"><strong>09:30 \u2013 11:00&nbsp; Zhang Tianchi<\/strong> (on-line). Desenvolvimento e aplica\u00e7\u00e3o de recursos did\u00e1ticos em sala de aula<\/p>\n\n\n\n<p class=\"wp-block-paragraph\"><strong>11:30 \u2013 13:00&nbsp; Ye Jun.<\/strong> Estrat\u00e9gias did\u00e1ticas e aplica\u00e7\u00e3o de recursos educacionais segundo o padr\u00e3o HSK 3.0<\/p>\n\n\n\n<p class=\"wp-block-paragraph\"><strong>14:00 \u2013 15:30&nbsp; Ye Jun.<\/strong> Tend\u00eancias de desenvolvimento do ensino do chin\u00eas como l\u00edngua estrangeira<\/p>\n\n\n\n<p class=\"wp-block-paragraph\"><strong>15:30 \u2013 16:30&nbsp; Cesar Matiusso<\/strong>. An\u00e1lise de dificuldades de aprendizagem: Estrat\u00e9gias para manter a motiva\u00e7\u00e3o em estudantes iniciantes.<\/p>\n\n\n\n<p class=\"wp-block-paragraph\"><strong>16:30 \u2013 17:00&nbsp; <\/strong>Encerramento e entrega de diplomas.<\/p>\n\n\n\n<ul class=\"wp-block-list\">\n<li>Os docentes que desejarem participar presencialmente devem considerar despesas de hospedagem, alimenta\u00e7\u00e3o, transporte e outras.<\/li>\n\n\n\n<li>A inscri\u00e7\u00e3o ser\u00e1 realizada automaticamente e voc\u00ea receber\u00e1 um e-mail de confirma\u00e7\u00e3o.<\/li>\n<\/ul>\n\n\n\n<p class=\"wp-block-paragraph\"><strong>Professores palestrantes<\/strong><\/p>\n\n\n\n<div class=\"wp-block-columns is-layout-flex wp-container-core-columns-is-layout-8f761849 wp-block-columns-is-layout-flex\">\n<div class=\"wp-block-column is-layout-flow wp-block-column-is-layout-flow\" style=\"flex-basis:33.33%\">\n<figure class=\"wp-block-image size-full\"><img loading=\"lazy\" decoding=\"async\" width=\"299\" height=\"418\" src=\"https:\/\/fundacionclec.org\/wp-content\/uploads\/2026\/05\/image001.png\" alt=\"\" class=\"wp-image-42623\" srcset=\"https:\/\/fundacionclec.org\/wp-content\/uploads\/2026\/05\/image001.png 299w, https:\/\/fundacionclec.org\/wp-content\/uploads\/2026\/05\/image001-215x300.png 215w\" sizes=\"auto, (max-width: 299px) 100vw, 299px\" \/><\/figure>\n<\/div>\n\n\n\n<div class=\"wp-block-column is-layout-flow wp-block-column-is-layout-flow\" style=\"flex-basis:66.66%\">\n<p class=\"wp-block-paragraph\"><strong>Ye Jun<\/strong> Vice-diretor da Faculdade Internacional de Cultura e L\u00edngua Chinesa da Universidade Normal do Leste da China, subdiretor e professor do Centro de Capacita\u00e7\u00e3o para Professores de Chin\u00eas Internacional, orientador de teses de doutorado, membro do Comit\u00ea Nacional de Orienta\u00e7\u00e3o para a Educa\u00e7\u00e3o de P\u00f3s-Gradua\u00e7\u00e3o na Especialidade de Ensino Internacional de Chin\u00eas e secret\u00e1rio-geral do Comit\u00ea de Desenvolvimento Docente da Associa\u00e7\u00e3o Mundial de Ensino de Chin\u00eas. Suas principais \u00e1reas de pesquisa s\u00e3o a lingu\u00edstica e a lingu\u00edstica aplicada, o ensino internacional do chin\u00eas e os estudos sobre fon\u00e9tica e gram\u00e1tica do chin\u00eas. Foi selecionado para os programas &#8220;Talentos de Destaque do Novo S\u00e9culo&#8221;, do Minist\u00e9rio da Educa\u00e7\u00e3o da China, e &#8220;Talentos de Pujiang&#8221;, de Xangai, e recebeu diversos pr\u00eamios por realiza\u00e7\u00f5es em pesquisa e ensino em n\u00edvel provincial e ministerial. Ministrou aulas na Universidade de Cornell, na Universidade de Wellesley e na Universidade da Virg\u00ednia, nos Estados Unidos, e possui ampla experi\u00eancia de ensino de alto n\u00edvel tanto na China quanto no exterior.<\/p>\n<\/div>\n<\/div>\n\n\n\n<div class=\"wp-block-columns is-layout-flex wp-container-core-columns-is-layout-8f761849 wp-block-columns-is-layout-flex\">\n<div class=\"wp-block-column is-layout-flow wp-block-column-is-layout-flow\" style=\"flex-basis:33.33%\">\n<figure class=\"wp-block-image size-full is-resized\"><img loading=\"lazy\" decoding=\"async\" width=\"171\" height=\"257\" src=\"https:\/\/fundacionclec.org\/wp-content\/uploads\/2026\/05\/image003.jpg\" alt=\"\" class=\"wp-image-42627\" style=\"width:333px\"\/><\/figure>\n<\/div>\n\n\n\n<div class=\"wp-block-column is-layout-flow wp-block-column-is-layout-flow\" style=\"flex-basis:66.66%\">\n<p class=\"wp-block-paragraph\"><strong>Zhang Tianchi<\/strong> Diretora do Departamento de Pesquisa e Ensino para a Capacita\u00e7\u00e3o de Professores do Centro de Forma\u00e7\u00e3o de Professores de Chin\u00eas Internacional da Universidade Normal do Leste da China e professora em tempo integral no Instituto Conf\u00facio. \u00c9 respons\u00e1vel pela elabora\u00e7\u00e3o de cursos sobre digitaliza\u00e7\u00e3o e intelig\u00eancia artificial para a capacita\u00e7\u00e3o de professores, pela cria\u00e7\u00e3o de recursos e pela ministra\u00e7\u00e3o de aulas. Recebeu o Pr\u00eamio de Caso Exemplar de Aplica\u00e7\u00e3o e Pr\u00e1tica Digital da Confer\u00eancia Mundial de Chin\u00eas, apresentou uma palestra no Simp\u00f3sio Internacional da Associa\u00e7\u00e3o Europeia de Ensino de Chin\u00eas e participou da reda\u00e7\u00e3o da &#8220;S\u00e9rie de livros de prepara\u00e7\u00e3o para o exame do &#8216;Certificado Internacional de Professor de Chin\u00eas'&#8221; da Editora de Educa\u00e7\u00e3o do Povo. Ministrou cursos sobre o ensino digital e inteligente do chin\u00eas para o Escrit\u00f3rio de Assuntos da Di\u00e1spora de Xangai e a Funda\u00e7\u00e3o para a Educa\u00e7\u00e3o na L\u00edngua Chinesa, entre outras institui\u00e7\u00f5es. Ministrou aulas de l\u00edngua e cultura chinesas na Universidade de Aarhus (Dinamarca) e no Instituto Conf\u00facio da Universidade de Turim (It\u00e1lia), e possui ampla experi\u00eancia no ensino no exterior, bem como na capacita\u00e7\u00e3o de professores locais nas \u00e1reas de digitaliza\u00e7\u00e3o e intelig\u00eancia artificial.<\/p>\n<\/div>\n<\/div>\n\n\n\n<div class=\"wp-block-columns is-layout-flex wp-container-core-columns-is-layout-8f761849 wp-block-columns-is-layout-flex\">\n<div class=\"wp-block-column is-layout-flow wp-block-column-is-layout-flow\" style=\"flex-basis:33.33%\">\n<figure class=\"wp-block-image size-full\"><img loading=\"lazy\" decoding=\"async\" width=\"266\" height=\"354\" src=\"https:\/\/fundacionclec.org\/wp-content\/uploads\/2026\/05\/image004.jpg\" alt=\"\" class=\"wp-image-42631\" srcset=\"https:\/\/fundacionclec.org\/wp-content\/uploads\/2026\/05\/image004.jpg 266w, https:\/\/fundacionclec.org\/wp-content\/uploads\/2026\/05\/image004-225x300.jpg 225w\" sizes=\"auto, (max-width: 266px) 100vw, 266px\" \/><\/figure>\n<\/div>\n\n\n\n<div class=\"wp-block-column is-layout-flow wp-block-column-is-layout-flow\" style=\"flex-basis:66.66%\">\n<p class=\"wp-block-paragraph\"><strong>Andr\u00e9s Ib\u00e1\u00f1ez<\/strong> Mestre em Ensino da L\u00edngua Chinesa Mandarim para Falantes de Outras L\u00ednguas pela Universidade Normal do Leste da China, Xangai. Al\u00e9m disso, possui diplomados em neuroaprendizagem e design instrucional. Atualmente, \u00e9 professor de l\u00edngua chinesa mandarim e cultura chinesa nos Institutos Conf\u00facio da Universidad Santo Tom\u00e1s e da Universidad San Francisco de Quito, al\u00e9m de atuar como docente em diversas institui\u00e7\u00f5es de ensino superior no Chile.<\/p>\n<\/div>\n<\/div>\n\n\n\n<div class=\"wp-block-columns is-layout-flex wp-container-core-columns-is-layout-8f761849 wp-block-columns-is-layout-flex\">\n<div class=\"wp-block-column is-layout-flow wp-block-column-is-layout-flow\" style=\"flex-basis:33.33%\">\n<figure class=\"wp-block-image size-full\"><img loading=\"lazy\" decoding=\"async\" width=\"259\" height=\"259\" src=\"https:\/\/fundacionclec.org\/wp-content\/uploads\/2026\/05\/image006.jpg\" alt=\"\" class=\"wp-image-42635\" srcset=\"https:\/\/fundacionclec.org\/wp-content\/uploads\/2026\/05\/image006.jpg 259w, https:\/\/fundacionclec.org\/wp-content\/uploads\/2026\/05\/image006-150x150.jpg 150w\" sizes=\"auto, (max-width: 259px) 100vw, 259px\" \/><\/figure>\n<\/div>\n\n\n\n<div class=\"wp-block-column is-layout-flow wp-block-column-is-layout-flow\" style=\"flex-basis:66.66%\">\n<p class=\"wp-block-paragraph\"><strong>Freddy Fredes<\/strong> Professor de chin\u00eas mandarim do Instituto Conf\u00facio UC (Universidad Cat\u00f3lica do Chile). Mestre em lingu\u00edstica aplicada pela Universidade de Shandong, China. Foi palestrante em Congressos de ensino de chin\u00eas no Peru, M\u00e9xico e Chile.<\/p>\n<\/div>\n<\/div>\n\n\n\n<div class=\"wp-block-columns is-layout-flex wp-container-core-columns-is-layout-8f761849 wp-block-columns-is-layout-flex\">\n<div class=\"wp-block-column is-layout-flow wp-block-column-is-layout-flow\" style=\"flex-basis:33.33%\">\n<figure class=\"wp-block-image size-full\"><img loading=\"lazy\" decoding=\"async\" width=\"269\" height=\"479\" src=\"https:\/\/fundacionclec.org\/wp-content\/uploads\/2026\/05\/image007.jpg\" alt=\"\" class=\"wp-image-42639\" srcset=\"https:\/\/fundacionclec.org\/wp-content\/uploads\/2026\/05\/image007.jpg 269w, https:\/\/fundacionclec.org\/wp-content\/uploads\/2026\/05\/image007-168x300.jpg 168w\" sizes=\"auto, (max-width: 269px) 100vw, 269px\" \/><\/figure>\n<\/div>\n\n\n\n<div class=\"wp-block-column is-layout-flow wp-block-column-is-layout-flow\" style=\"flex-basis:66.66%\">\n<p class=\"wp-block-paragraph\"><strong>Cesar Matiusso<\/strong> Doutorando e mestre em Estudos da Tradu\u00e7\u00e3o pelo programa de p\u00f3s-gradua\u00e7\u00e3o LETRA da Universidade de S\u00e3o Paulo. Possui gradua\u00e7\u00e3o em Letras &#8211; chin\u00eas tamb\u00e9m pela USP, com per\u00edodo de interc\u00e2mbio na GDUFS (\u5e7f\u4e1c\u5916\u8bed\u5916\u8d38\u5927\u5b66) em Guangzhou, China. Atua como professor local do Instituto Conf\u00facio na Unesp (S\u00e3o Paulo, Brasil) desde 2018. Foi colaborador da Revista Instituto Conf\u00facio em l\u00edngua portuguesa e, como tradutor liter\u00e1rio, tem traduzido e estudado autores como Su Dongpo, Lu Xun e Eileen Chang.<\/p>\n<\/div>\n<\/div>\n\n\n\n<p class=\"wp-block-paragraph\"><\/p>\n\n\n\n<p class=\"wp-block-paragraph\"><\/p>\n\n\n\n<p class=\"wp-block-paragraph\"><a href=\"https:\/\/fundacionclec.org\/wp-content\/uploads\/2026\/08\/Programa-publico-general-v3-con-ponentes-PT.pdf\" data-type=\"link\" data-id=\"https:\/\/fundacionclec.org\/wp-content\/uploads\/2026\/08\/Programa-publico-general-v3-con-ponentes-PT.pdf\">Baixe Programa<\/a><\/p>\n\n\n\n<p class=\"wp-block-paragraph\"><\/p>\n","protected":false},"excerpt":{"rendered":"<p>Sess\u00e3o em Santiago, Chile: 4 e 5 de setembroPa\u00edses convocados: Argentina, Bol\u00edvia, Brasil, Chile, Peru e Uruguai Sess\u00e3o em San Jos\u00e9, Costa Rica: 15 e 16 de outubroPa\u00edses convidados: Ant\u00edgua e Barbuda, Barbados, Col\u00f4mbia, Costa Rica, Cuba, Equador, El Salvador, Granada, Guiana, Honduras, Jamaica, M\u00e9xico,&#8230;<\/p>\n","protected":false},"author":1,"featured_media":42485,"comment_status":"closed","ping_status":"closed","sticky":false,"template":"","format":"standard","meta":{"inline_featured_image":false,"_exactmetrics_skip_tracking":false,"footnotes":""},"categories":[6,328],"tags":[],"class_list":["post-42324","post","type-post","status-publish","format-standard","has-post-thumbnail","hentry","category-noticia","category-noticias-pt-br"],"amp_enabled":true,"_links":{"self":[{"href":"https:\/\/fundacionclec.org\/pt-br\/wp-json\/wp\/v2\/posts\/42324","targetHints":{"allow":["GET"]}}],"collection":[{"href":"https:\/\/fundacionclec.org\/pt-br\/wp-json\/wp\/v2\/posts"}],"about":[{"href":"https:\/\/fundacionclec.org\/pt-br\/wp-json\/wp\/v2\/types\/post"}],"author":[{"embeddable":true,"href":"https:\/\/fundacionclec.org\/pt-br\/wp-json\/wp\/v2\/users\/1"}],"replies":[{"embeddable":true,"href":"https:\/\/fundacionclec.org\/pt-br\/wp-json\/wp\/v2\/comments?post=42324"}],"version-history":[{"count":8,"href":"https:\/\/fundacionclec.org\/pt-br\/wp-json\/wp\/v2\/posts\/42324\/revisions"}],"predecessor-version":[{"id":42661,"href":"https:\/\/fundacionclec.org\/pt-br\/wp-json\/wp\/v2\/posts\/42324\/revisions\/42661"}],"wp:featuredmedia":[{"embeddable":true,"href":"https:\/\/fundacionclec.org\/pt-br\/wp-json\/wp\/v2\/media\/42485"}],"wp:attachment":[{"href":"https:\/\/fundacionclec.org\/pt-br\/wp-json\/wp\/v2\/media?parent=42324"}],"wp:term":[{"taxonomy":"category","embeddable":true,"href":"https:\/\/fundacionclec.org\/pt-br\/wp-json\/wp\/v2\/categories?post=42324"},{"taxonomy":"post_tag","embeddable":true,"href":"https:\/\/fundacionclec.org\/pt-br\/wp-json\/wp\/v2\/tags?post=42324"}],"curies":[{"name":"wp","href":"https:\/\/api.w.org\/{rel}","templated":true}]}} 