{"id":1146,"date":"2015-07-31T12:24:15","date_gmt":"2015-07-31T16:24:15","guid":{"rendered":"http:\/\/www.crical.cl\/?p=1146"},"modified":"2017-11-09T11:08:42","modified_gmt":"2017-11-09T15:08:42","slug":"professores-do-instituto-confucio-na-universidade-de-havana-participarao-de-treinamento-em-beijing","status":"publish","type":"post","link":"https:\/\/fundacionclec.org\/pt-br\/professores-do-instituto-confucio-na-universidade-de-havana-participarao-de-treinamento-em-beijing\/","title":{"rendered":"Professores do instituto conf\u00facio na universidade de havana participar\u00e3o de treinamento em beijing"},"content":{"rendered":"<p style=\"text-align: justify;\">Sete professores cubanos do Instituto Conf\u00facio na Universidade de Havana ir\u00e3o \u00e0 China no dia 27 de julho para participar de um treinamento intensivo sobre Metodologia para o Ensino da L\u00edngua Chinesa, com dura\u00e7\u00e3o de 30 dias, no Centro de Treinamento de Professores de Hanban, rec\u00e9m-inaugurado na Universidade de L\u00edngua e Cultura de Beijing (BLCU).<\/p>\n<p style=\"text-align: justify;\">O programa de capacita\u00e7\u00e3o foi oferecido pela delega\u00e7\u00e3o da BLCU, presidida pelo reitor Cui Xiliang, em recente visita \u00e0 Universidade de Havana. Uma das institui\u00e7\u00f5es de maior prest\u00edgio no ensino de chin\u00eas para estrangeiros, a BLCU \u00e9 a parceira da Universidade de Havana na gest\u00e3o do Instituto Conf\u00facio da capital cubana.<\/p>\n","protected":false},"excerpt":{"rendered":"<p>Sete professores cubanos do Instituto Conf\u00facio na Universidade de Havana ir\u00e3o \u00e0 China no dia 27 de julho para participar de um treinamento intensivo sobre Metodologia para o Ensino da L\u00edngua Chinesa, com dura\u00e7\u00e3o de 30 dias, no Centro de Treinamento de Professores de Hanban,&#8230;<\/p>\n","protected":false},"author":1,"featured_media":958,"comment_status":"closed","ping_status":"closed","sticky":false,"template":"","format":"standard","meta":{"inline_featured_image":false,"_exactmetrics_skip_tracking":false,"_exactmetrics_sitenote_active":false,"_exactmetrics_sitenote_note":"","_exactmetrics_sitenote_category":0,"footnotes":""},"categories":[43],"tags":[],"class_list":["post-1146","post","type-post","status-publish","format-standard","has-post-thumbnail","hentry","category-noticias"],"amp_enabled":true,"_links":{"self":[{"href":"https:\/\/fundacionclec.org\/pt-br\/wp-json\/wp\/v2\/posts\/1146","targetHints":{"allow":["GET"]}}],"collection":[{"href":"https:\/\/fundacionclec.org\/pt-br\/wp-json\/wp\/v2\/posts"}],"about":[{"href":"https:\/\/fundacionclec.org\/pt-br\/wp-json\/wp\/v2\/types\/post"}],"author":[{"embeddable":true,"href":"https:\/\/fundacionclec.org\/pt-br\/wp-json\/wp\/v2\/users\/1"}],"replies":[{"embeddable":true,"href":"https:\/\/fundacionclec.org\/pt-br\/wp-json\/wp\/v2\/comments?post=1146"}],"version-history":[{"count":0,"href":"https:\/\/fundacionclec.org\/pt-br\/wp-json\/wp\/v2\/posts\/1146\/revisions"}],"wp:featuredmedia":[{"embeddable":true,"href":"https:\/\/fundacionclec.org\/pt-br\/wp-json\/wp\/v2\/media\/958"}],"wp:attachment":[{"href":"https:\/\/fundacionclec.org\/pt-br\/wp-json\/wp\/v2\/media?parent=1146"}],"wp:term":[{"taxonomy":"category","embeddable":true,"href":"https:\/\/fundacionclec.org\/pt-br\/wp-json\/wp\/v2\/categories?post=1146"},{"taxonomy":"post_tag","embeddable":true,"href":"https:\/\/fundacionclec.org\/pt-br\/wp-json\/wp\/v2\/tags?post=1146"}],"curies":[{"name":"wp","href":"https:\/\/api.w.org\/{rel}","templated":true}]}}